{"id":4727,"date":"2026-04-29T08:59:32","date_gmt":"2026-04-29T06:59:32","guid":{"rendered":"https:\/\/ag-foto.de\/?p=4727"},"modified":"2026-04-30T11:53:59","modified_gmt":"2026-04-30T09:53:59","slug":"rhythmus-der-unter-die-haut-geht-20-03-2026","status":"publish","type":"post","link":"https:\/\/ag-foto.de\/?p=4727","title":{"rendered":"Rhythmus, der unter die Haut geht, 30.04.2026"},"content":{"rendered":"\n<h2 class=\"wp-block-heading\">Explosion der Sinne |<strong> Timbalitas, der Tanz, der das Set elektrisiert<\/strong><\/h2>\n\n\n\n<p><strong>Was passiert<\/strong>, wenn explosive Rhythmen auf geballte Frauenpower aufeinandertreffen?<\/p>\n\n\n\n<ul class=\"wp-block-list\">\n<li>es entsteht eine Energie, die das Set elektrisiert!<\/li>\n\n\n\n<li>du sp\u00fcrst den Rhythmus, die pure Lebensfreude ausstrahlt<\/li>\n\n\n\n<li>und eine vibrierende Energie, die diese Tanzgruppe in das Studio bringen.<\/li>\n<\/ul>\n\n\n\n<figure class=\"wp-block-image size-full\"><a href=\"https:\/\/ag-foto.de\/wp-content\/uploads\/2026\/04\/IMG_3534.jpeg\"><img fetchpriority=\"high\" decoding=\"async\" width=\"1024\" height=\"731\" src=\"https:\/\/ag-foto.de\/wp-content\/uploads\/2026\/04\/IMG_3534.jpeg\" alt=\"\" class=\"wp-image-4740\" srcset=\"https:\/\/ag-foto.de\/wp-content\/uploads\/2026\/04\/IMG_3534.jpeg 1024w, https:\/\/ag-foto.de\/wp-content\/uploads\/2026\/04\/IMG_3534-300x214.jpeg 300w\" sizes=\"(max-width: 1024px) 100vw, 1024px\" \/><\/a><\/figure>\n\n\n\n<h2 class=\"wp-block-heading\"><strong>Das Ziel des Shootings war ehrgeizig<\/strong><\/h2>\n\n\n\n<p>Wir wollten nicht nur Gesichter fotografieren, sondern die Seele der <strong>acht Timbalitas<\/strong> einfangen. Es galt, die pulsierenden <strong>Salsa-Beats<\/strong> in den Bildern festzuhalten, w\u00e4hrend die Eleganz des <strong>orientalischen Tanzes<\/strong> und die erdige <strong>Kraft der Afro-Rumba<\/strong> in jeder Pose mitschwingen.<\/p>\n\n\n\n<figure class=\"wp-block-gallery has-nested-images columns-default is-cropped wp-block-gallery-1 is-layout-flex wp-block-gallery-is-layout-flex\">\n<figure class=\"wp-block-image size-large\"><a href=\"https:\/\/ag-foto.de\/wp-content\/uploads\/2026\/04\/IMG_3543.jpeg\"><img decoding=\"async\" width=\"819\" height=\"1024\" data-id=\"4770\" src=\"https:\/\/ag-foto.de\/wp-content\/uploads\/2026\/04\/IMG_3543.jpeg\" alt=\"\" class=\"wp-image-4770\" srcset=\"https:\/\/ag-foto.de\/wp-content\/uploads\/2026\/04\/IMG_3543.jpeg 819w, https:\/\/ag-foto.de\/wp-content\/uploads\/2026\/04\/IMG_3543-240x300.jpeg 240w\" sizes=\"(max-width: 819px) 100vw, 819px\" \/><\/a><\/figure>\n<\/figure>\n\n\n\n<p><strong>Ich dachte eigentlich<\/strong>, das Studio sei gro\u00df. Doch als diese acht Frauen in ihren prachtvollen, bunten Outfits bereitstanden, wirkte der Raum pl\u00f6tzlich ganz klein. <strong>Eine echte Millimeterarbeit<\/strong> begann beim Staging:<\/p>\n\n\n\n<figure class=\"wp-block-image size-full\"><a href=\"https:\/\/ag-foto.de\/wp-content\/uploads\/2026\/04\/IMG_3554.jpeg\"><img decoding=\"async\" width=\"1024\" height=\"683\" src=\"https:\/\/ag-foto.de\/wp-content\/uploads\/2026\/04\/IMG_3554.jpeg\" alt=\"\" class=\"wp-image-4767\" srcset=\"https:\/\/ag-foto.de\/wp-content\/uploads\/2026\/04\/IMG_3554.jpeg 1024w, https:\/\/ag-foto.de\/wp-content\/uploads\/2026\/04\/IMG_3554-300x200.jpeg 300w\" sizes=\"(max-width: 1024px) 100vw, 1024px\" \/><\/a><\/figure>\n\n\n\n<h2 class=\"wp-block-heading\"><strong>Geduld, die sich lohnte<\/strong> <\/h2>\n\n\n\n<p>Das erforderte eine unglaubliche Geduld von der Tanzgruppe. Immer wieder hie\u00df es:<\/p>\n\n\n\n<ul class=\"wp-block-list\">\n<li>\u201eNur noch ein kleines St\u00fcck nach links!\u201c<\/li>\n\n\n\n<li>\u201eWir m\u00fcssen hier noch einmal kurz umstellen.\u201c<\/li>\n\n\n\n<li>\u201eHaltet die Pose noch einen Moment!\u201c<\/li>\n<\/ul>\n\n\n\n<figure class=\"wp-block-image size-full\"><a href=\"https:\/\/ag-foto.de\/wp-content\/uploads\/2026\/04\/IMG_3539.jpeg\"><img loading=\"lazy\" decoding=\"async\" width=\"1024\" height=\"731\" src=\"https:\/\/ag-foto.de\/wp-content\/uploads\/2026\/04\/IMG_3539.jpeg\" alt=\"\" class=\"wp-image-4737\" srcset=\"https:\/\/ag-foto.de\/wp-content\/uploads\/2026\/04\/IMG_3539.jpeg 1024w, https:\/\/ag-foto.de\/wp-content\/uploads\/2026\/04\/IMG_3539-300x214.jpeg 300w\" sizes=\"(max-width: 1024px) 100vw, 1024px\" \/><\/a><\/figure>\n\n\n\n<h2 class=\"wp-block-heading\">Explosion der Sinne |<strong> Timbalitas, der Tanz, der das Set elektrisiert<\/strong><\/h2>\n\n\n\n<p><strong>Durch die fantastische Zusammenarbeit <\/strong>und die Disziplin entstanden in kurzer Zeit Bilder, die der Betrachter nicht nur sieht, sondern f\u00fchlt. Es ist uns gelungen, die Beats in den Standbildern regelrecht einzufrieren. Man sieht das Beben, man sp\u00fcrt die Geschwindigkeit der Salsa, die feinen Handbewegungen des Orientalischen Tanzes und die feste K\u00f6rperspannung der Afro Rumba.<\/p>\n\n\n\n<figure class=\"wp-block-gallery has-nested-images columns-default is-cropped wp-block-gallery-2 is-layout-flex wp-block-gallery-is-layout-flex\">\n<figure class=\"wp-block-image size-full\"><a href=\"https:\/\/ag-foto.de\/wp-content\/uploads\/2026\/04\/IMG_3528.jpeg\"><img loading=\"lazy\" decoding=\"async\" width=\"819\" height=\"1024\" data-id=\"4746\" src=\"https:\/\/ag-foto.de\/wp-content\/uploads\/2026\/04\/IMG_3528.jpeg\" alt=\"\" class=\"wp-image-4746\" srcset=\"https:\/\/ag-foto.de\/wp-content\/uploads\/2026\/04\/IMG_3528.jpeg 819w, https:\/\/ag-foto.de\/wp-content\/uploads\/2026\/04\/IMG_3528-240x300.jpeg 240w\" sizes=\"(max-width: 819px) 100vw, 819px\" \/><\/a><\/figure>\n\n\n\n<figure class=\"wp-block-image size-large\"><a href=\"https:\/\/ag-foto.de\/wp-content\/uploads\/2026\/04\/IMG_3529.jpeg\"><img loading=\"lazy\" decoding=\"async\" width=\"819\" height=\"1024\" data-id=\"4747\" src=\"https:\/\/ag-foto.de\/wp-content\/uploads\/2026\/04\/IMG_3529.jpeg\" alt=\"\" class=\"wp-image-4747\" srcset=\"https:\/\/ag-foto.de\/wp-content\/uploads\/2026\/04\/IMG_3529.jpeg 819w, https:\/\/ag-foto.de\/wp-content\/uploads\/2026\/04\/IMG_3529-240x300.jpeg 240w\" sizes=\"(max-width: 819px) 100vw, 819px\" \/><\/a><\/figure>\n\n\n\n<figure class=\"wp-block-image size-large\"><a href=\"https:\/\/ag-foto.de\/wp-content\/uploads\/2026\/04\/IMG_3530.jpeg\"><img loading=\"lazy\" decoding=\"async\" width=\"819\" height=\"1024\" data-id=\"4748\" src=\"https:\/\/ag-foto.de\/wp-content\/uploads\/2026\/04\/IMG_3530.jpeg\" alt=\"\" class=\"wp-image-4748\" srcset=\"https:\/\/ag-foto.de\/wp-content\/uploads\/2026\/04\/IMG_3530.jpeg 819w, https:\/\/ag-foto.de\/wp-content\/uploads\/2026\/04\/IMG_3530-240x300.jpeg 240w\" sizes=\"(max-width: 819px) 100vw, 819px\" \/><\/a><\/figure>\n<\/figure>\n\n\n\n<p><strong>Magie bis Mitternacht<\/strong> | Selbst als es auf Mitternacht zuging, war die Professionalit\u00e4t &nbsp;ungebrochen. Die K\u00f6rperbeherrschung blieb makellos, und gerade in den sp\u00e4ten Portraits kam eine Tiefe zum Vorschein, die mich sprachlos gemacht hat. Jede Pose war ein Statement, jedes L\u00e4cheln echt. Das Ergebnis ist erstklassiges Werbematerial, das die Power und \u00c4sthetik der Timbalitas perfekt widerspiegelt.<\/p>\n\n\n\n<figure class=\"wp-block-gallery has-nested-images columns-default is-cropped wp-block-gallery-3 is-layout-flex wp-block-gallery-is-layout-flex\">\n<figure class=\"wp-block-image size-large\"><a href=\"https:\/\/ag-foto.de\/wp-content\/uploads\/2026\/04\/IMG_3504.jpeg\"><img loading=\"lazy\" decoding=\"async\" width=\"819\" height=\"1024\" data-id=\"4752\" src=\"https:\/\/ag-foto.de\/wp-content\/uploads\/2026\/04\/IMG_3504.jpeg\" alt=\"\" class=\"wp-image-4752\" srcset=\"https:\/\/ag-foto.de\/wp-content\/uploads\/2026\/04\/IMG_3504.jpeg 819w, https:\/\/ag-foto.de\/wp-content\/uploads\/2026\/04\/IMG_3504-240x300.jpeg 240w\" sizes=\"(max-width: 819px) 100vw, 819px\" \/><\/a><\/figure>\n<\/figure>\n\n\n\n<h2 class=\"wp-block-heading\"><strong>Hinter den Kulissen \u2013 Das Making-of<\/strong> <\/h2>\n\n\n\n<p>Ein perfektes Bild ist das Ergebnis von Fokus, Ausdauer und Teamgeist. Zwischen Lichtstativen und farbenfrohen Kost\u00fcmen herrschte eine ganz besondere Dynamik. Es ist faszinierend zu sehen, wie aus dem konzentrierten \u201eSortieren\u201c der T\u00e4nzerinnen pl\u00f6tzlich dieser eine magische Moment entsteht, in dem alles klickt. Diese Making-of-Momente zeigen die ungeschminkte Freude am Tanzen.<\/p>\n\n\n\n<figure class=\"wp-block-gallery has-nested-images columns-default is-cropped wp-block-gallery-4 is-layout-flex wp-block-gallery-is-layout-flex\">\n<figure class=\"wp-block-image size-large\"><a href=\"https:\/\/ag-foto.de\/wp-content\/uploads\/2026\/04\/IMG_3537.jpeg\"><img loading=\"lazy\" decoding=\"async\" width=\"819\" height=\"1024\" data-id=\"4739\" src=\"https:\/\/ag-foto.de\/wp-content\/uploads\/2026\/04\/IMG_3537.jpeg\" alt=\"\" class=\"wp-image-4739\" srcset=\"https:\/\/ag-foto.de\/wp-content\/uploads\/2026\/04\/IMG_3537.jpeg 819w, https:\/\/ag-foto.de\/wp-content\/uploads\/2026\/04\/IMG_3537-240x300.jpeg 240w\" sizes=\"(max-width: 819px) 100vw, 819px\" \/><\/a><\/figure>\n\n\n\n<figure class=\"wp-block-image size-large\"><a href=\"https:\/\/ag-foto.de\/wp-content\/uploads\/2026\/04\/IMG_3538.jpeg\"><img loading=\"lazy\" decoding=\"async\" width=\"576\" height=\"1024\" data-id=\"4738\" src=\"https:\/\/ag-foto.de\/wp-content\/uploads\/2026\/04\/IMG_3538.jpeg\" alt=\"\" class=\"wp-image-4738\" srcset=\"https:\/\/ag-foto.de\/wp-content\/uploads\/2026\/04\/IMG_3538.jpeg 576w, https:\/\/ag-foto.de\/wp-content\/uploads\/2026\/04\/IMG_3538-169x300.jpeg 169w\" sizes=\"(max-width: 576px) 100vw, 576px\" \/><\/a><\/figure>\n<\/figure>\n\n\n\n<h2 class=\"wp-block-heading\"><strong>Ein herzliches Dankesch\u00f6n!<\/strong><\/h2>\n\n\n\n<p>Ein Shooting dieser Gr\u00f6\u00dfenordnung steht und f\u00e4llt mit der Einstellung der Beteiligten. Danke an die Timbalitas f\u00fcr eure Geduld, eure Power und diese unvergleichliche Ausstrahlung. Ihr habt bewiesen, dass ihr Tanz nicht nur auff\u00fchren, sondern fotografisch zum Leben erwecken k\u00f6nnt.<\/p>\n\n\n\n<figure class=\"wp-block-image size-full\"><a href=\"https:\/\/ag-foto.de\/wp-content\/uploads\/2026\/04\/IMG_3555.jpeg\"><img loading=\"lazy\" decoding=\"async\" width=\"1024\" height=\"819\" src=\"https:\/\/ag-foto.de\/wp-content\/uploads\/2026\/04\/IMG_3555.jpeg\" alt=\"\" class=\"wp-image-4768\" srcset=\"https:\/\/ag-foto.de\/wp-content\/uploads\/2026\/04\/IMG_3555.jpeg 1024w, https:\/\/ag-foto.de\/wp-content\/uploads\/2026\/04\/IMG_3555-300x240.jpeg 300w\" sizes=\"(max-width: 1024px) 100vw, 1024px\" \/><\/a><\/figure>\n\n\n\n<h2 class=\"wp-block-heading\"><strong>Fazit<\/strong><\/h2>\n\n\n\n<p>Es war ein absolut tolles Shooting! Diese Bilder spr\u00fchen vor Leben. Wenn Du mehr \u00fcber die Timbalitas erfahren m\u00f6chtes anbei externe Links:  <a href=\"https:\/\/www.instagram.com\/timbalitas\/\">Instagram<\/a>    <a href=\"https:\/\/www.youtube.com\/@Timbalitas\">YouTube<\/a>    <a href=\"https:\/\/www.facebook.com\/Timbalitas\">Facebook<\/a><\/p>\n\n\n\n<figure class=\"wp-block-gallery has-nested-images columns-default is-cropped wp-block-gallery-5 is-layout-flex wp-block-gallery-is-layout-flex\">\n<figure class=\"wp-block-image size-large\"><a href=\"https:\/\/ag-foto.de\/wp-content\/uploads\/2026\/04\/IMG_3553.jpeg\"><img loading=\"lazy\" decoding=\"async\" width=\"819\" height=\"1024\" data-id=\"4766\" src=\"https:\/\/ag-foto.de\/wp-content\/uploads\/2026\/04\/IMG_3553.jpeg\" alt=\"\" class=\"wp-image-4766\" srcset=\"https:\/\/ag-foto.de\/wp-content\/uploads\/2026\/04\/IMG_3553.jpeg 819w, https:\/\/ag-foto.de\/wp-content\/uploads\/2026\/04\/IMG_3553-240x300.jpeg 240w\" sizes=\"(max-width: 819px) 100vw, 819px\" \/><\/a><\/figure>\n\n\n\n<figure class=\"wp-block-image size-full\"><a href=\"https:\/\/ag-foto.de\/wp-content\/uploads\/2026\/04\/IMG_3503.jpeg\"><img loading=\"lazy\" decoding=\"async\" width=\"819\" height=\"1024\" data-id=\"4753\" src=\"https:\/\/ag-foto.de\/wp-content\/uploads\/2026\/04\/IMG_3503.jpeg\" alt=\"\" class=\"wp-image-4753\" srcset=\"https:\/\/ag-foto.de\/wp-content\/uploads\/2026\/04\/IMG_3503.jpeg 819w, https:\/\/ag-foto.de\/wp-content\/uploads\/2026\/04\/IMG_3503-240x300.jpeg 240w\" sizes=\"(max-width: 819px) 100vw, 819px\" \/><\/a><\/figure>\n\n\n\n<figure class=\"wp-block-image size-large\"><a href=\"https:\/\/ag-foto.de\/wp-content\/uploads\/2026\/04\/IMG_3557.jpeg\"><img loading=\"lazy\" decoding=\"async\" width=\"819\" height=\"1024\" data-id=\"4764\" src=\"https:\/\/ag-foto.de\/wp-content\/uploads\/2026\/04\/IMG_3557.jpeg\" alt=\"\" class=\"wp-image-4764\" srcset=\"https:\/\/ag-foto.de\/wp-content\/uploads\/2026\/04\/IMG_3557.jpeg 819w, https:\/\/ag-foto.de\/wp-content\/uploads\/2026\/04\/IMG_3557-240x300.jpeg 240w\" sizes=\"(max-width: 819px) 100vw, 819px\" \/><\/a><\/figure>\n<\/figure>\n\n\n\n<p><strong>Wie findet ihr den Blick hinter die Kulissen? Schreibt es mir gerne in die Kommentare \u2013 ich bin gespannt auf euer Feedback!<\/strong><\/p>\n\n\n\n<p><\/p>\n\n\n\n<p><\/p>\n","protected":false},"excerpt":{"rendered":"<p>Explosion der Sinne | Timbalitas, der Tanz, der das Set elektrisiert Was passiert, wenn explosive Rhythmen auf geballte Frauenpower aufeinandertreffen? Das Ziel des Shootings war ehrgeizig Wir wollten nicht nur Gesichter fotografieren, sondern die Seele der acht Timbalitas einfangen. Es galt, die pulsierenden Salsa-Beats in den Bildern festzuhalten, w\u00e4hrend die Eleganz des orientalischen Tanzes und &hellip; <\/p>\n<p class=\"link-more\"><a href=\"https:\/\/ag-foto.de\/?p=4727\" class=\"more-link\">Mehr <span class=\"screen-reader-text\">\u00fcber &#8222;Rhythmus, der unter die Haut geht, 30.04.2026&#8220; <\/span>Lesen<\/a><\/p>\n","protected":false},"author":1,"featured_media":4740,"comment_status":"closed","ping_status":"open","sticky":false,"template":"","format":"standard","meta":{"_glsr_average":0,"_glsr_ranking":0,"_glsr_reviews":0,"two_page_speed":[],"footnotes":""},"categories":[33,28],"tags":[122,95,91],"class_list":["post-4727","post","type-post","status-publish","format-standard","has-post-thumbnail","hentry","category-ballett-dance","category-studio-fotografie","tag-dance","tag-fotografie","tag-studio"],"yoast_head":"<!-- This site is optimized with the Yoast SEO plugin v27.5 - https:\/\/yoast.com\/product\/yoast-seo-wordpress\/ -->\n<title>Rhythmus, der unter die Haut geht, 30.04.2026 - FOTOGRAPHIE OF MOMENTS<\/title>\n<meta name=\"description\" content=\"Performance\u2011Fotografie mit Ausdruck und Bewegung. Kreative Dance\u2011Fotografie, emotionale Bildwelten und k\u00fcnstlerische Inszenierungen bei AG\u2011FOTO.\" \/>\n<meta name=\"robots\" content=\"index, follow, max-snippet:-1, max-image-preview:large, max-video-preview:-1\" \/>\n<link rel=\"canonical\" href=\"https:\/\/ag-foto.de\/?p=4727\" \/>\n<meta property=\"og:locale\" content=\"de_DE\" \/>\n<meta property=\"og:type\" content=\"article\" \/>\n<meta property=\"og:title\" content=\"Rhythmus, der unter die Haut geht, 30.04.2026 - FOTOGRAPHIE OF MOMENTS\" \/>\n<meta property=\"og:description\" content=\"Performance\u2011Fotografie mit Ausdruck und Bewegung. Kreative Dance\u2011Fotografie, emotionale Bildwelten und k\u00fcnstlerische Inszenierungen bei AG\u2011FOTO.\" \/>\n<meta property=\"og:url\" content=\"https:\/\/ag-foto.de\/?p=4727\" \/>\n<meta property=\"og:site_name\" content=\"FOTOGRAPHIE OF MOMENTS\" \/>\n<meta property=\"article:publisher\" content=\"https:\/\/www.facebook.com\/uwfoto\" \/>\n<meta property=\"article:author\" content=\"https:\/\/www.facebook.com\/uwfoto\" \/>\n<meta property=\"article:published_time\" content=\"2026-04-29T06:59:32+00:00\" \/>\n<meta property=\"article:modified_time\" content=\"2026-04-30T09:53:59+00:00\" \/>\n<meta property=\"og:image\" content=\"https:\/\/ag-foto.de\/wp-content\/uploads\/2026\/04\/IMG_3534.jpeg\" \/>\n\t<meta property=\"og:image:width\" content=\"1024\" \/>\n\t<meta property=\"og:image:height\" content=\"731\" \/>\n\t<meta property=\"og:image:type\" content=\"image\/jpeg\" \/>\n<meta name=\"author\" content=\"Andreas\" \/>\n<meta name=\"twitter:card\" content=\"summary_large_image\" \/>\n<meta name=\"twitter:creator\" content=\"@https:\/\/twitter.com\/INFO_GERBER?lang=de\" \/>\n<meta name=\"twitter:site\" content=\"@INFO_GERBER\" \/>\n<meta name=\"twitter:label1\" content=\"Verfasst von\" \/>\n\t<meta name=\"twitter:data1\" content=\"Andreas\" \/>\n\t<meta name=\"twitter:label2\" content=\"Gesch\u00e4tzte Lesezeit\" \/>\n\t<meta name=\"twitter:data2\" content=\"6\u00a0Minuten\" \/>\n<script type=\"application\/ld+json\" class=\"yoast-schema-graph\">{\"@context\":\"https:\\\/\\\/schema.org\",\"@graph\":[{\"@type\":\"Article\",\"@id\":\"https:\\\/\\\/ag-foto.de\\\/?p=4727#article\",\"isPartOf\":{\"@id\":\"https:\\\/\\\/ag-foto.de\\\/?p=4727\"},\"author\":{\"name\":\"Andreas\",\"@id\":\"https:\\\/\\\/ag-foto.de\\\/#\\\/schema\\\/person\\\/64dc872de4721d179a36dd9dc90aead5\"},\"headline\":\"Rhythmus, der unter die Haut geht, 30.04.2026\",\"datePublished\":\"2026-04-29T06:59:32+00:00\",\"dateModified\":\"2026-04-30T09:53:59+00:00\",\"mainEntityOfPage\":{\"@id\":\"https:\\\/\\\/ag-foto.de\\\/?p=4727\"},\"wordCount\":451,\"image\":{\"@id\":\"https:\\\/\\\/ag-foto.de\\\/?p=4727#primaryimage\"},\"thumbnailUrl\":\"https:\\\/\\\/ag-foto.de\\\/wp-content\\\/uploads\\\/2026\\\/04\\\/IMG_3534.jpeg\",\"keywords\":[\"Dance\",\"Fotografie\",\"Studio\"],\"articleSection\":[\"Ballett Dance\",\"Studio Fotografie\"],\"inLanguage\":\"de\"},{\"@type\":\"WebPage\",\"@id\":\"https:\\\/\\\/ag-foto.de\\\/?p=4727\",\"url\":\"https:\\\/\\\/ag-foto.de\\\/?p=4727\",\"name\":\"Rhythmus, der unter die Haut geht, 30.04.2026 - FOTOGRAPHIE OF MOMENTS\",\"isPartOf\":{\"@id\":\"https:\\\/\\\/ag-foto.de\\\/#website\"},\"primaryImageOfPage\":{\"@id\":\"https:\\\/\\\/ag-foto.de\\\/?p=4727#primaryimage\"},\"image\":{\"@id\":\"https:\\\/\\\/ag-foto.de\\\/?p=4727#primaryimage\"},\"thumbnailUrl\":\"https:\\\/\\\/ag-foto.de\\\/wp-content\\\/uploads\\\/2026\\\/04\\\/IMG_3534.jpeg\",\"datePublished\":\"2026-04-29T06:59:32+00:00\",\"dateModified\":\"2026-04-30T09:53:59+00:00\",\"author\":{\"@id\":\"https:\\\/\\\/ag-foto.de\\\/#\\\/schema\\\/person\\\/64dc872de4721d179a36dd9dc90aead5\"},\"description\":\"Performance\u2011Fotografie mit Ausdruck und Bewegung. Kreative Dance\u2011Fotografie, emotionale Bildwelten und k\u00fcnstlerische Inszenierungen bei AG\u2011FOTO.\",\"breadcrumb\":{\"@id\":\"https:\\\/\\\/ag-foto.de\\\/?p=4727#breadcrumb\"},\"inLanguage\":\"de\",\"potentialAction\":[{\"@type\":\"ReadAction\",\"target\":[\"https:\\\/\\\/ag-foto.de\\\/?p=4727\"]}]},{\"@type\":\"ImageObject\",\"inLanguage\":\"de\",\"@id\":\"https:\\\/\\\/ag-foto.de\\\/?p=4727#primaryimage\",\"url\":\"https:\\\/\\\/ag-foto.de\\\/wp-content\\\/uploads\\\/2026\\\/04\\\/IMG_3534.jpeg\",\"contentUrl\":\"https:\\\/\\\/ag-foto.de\\\/wp-content\\\/uploads\\\/2026\\\/04\\\/IMG_3534.jpeg\",\"width\":1024,\"height\":731},{\"@type\":\"BreadcrumbList\",\"@id\":\"https:\\\/\\\/ag-foto.de\\\/?p=4727#breadcrumb\",\"itemListElement\":[{\"@type\":\"ListItem\",\"position\":1,\"name\":\"Startseite\",\"item\":\"https:\\\/\\\/ag-foto.de\\\/\"},{\"@type\":\"ListItem\",\"position\":2,\"name\":\"Rhythmus, der unter die Haut geht, 30.04.2026\"}]},{\"@type\":\"WebSite\",\"@id\":\"https:\\\/\\\/ag-foto.de\\\/#website\",\"url\":\"https:\\\/\\\/ag-foto.de\\\/\",\"name\":\"FOTOGRAPHIE OF MOMENTS\",\"description\":\"Studio | Portrait | In- Outdoor | Homestory | Unterwasserfotografie\",\"potentialAction\":[{\"@type\":\"SearchAction\",\"target\":{\"@type\":\"EntryPoint\",\"urlTemplate\":\"https:\\\/\\\/ag-foto.de\\\/?s={search_term_string}\"},\"query-input\":{\"@type\":\"PropertyValueSpecification\",\"valueRequired\":true,\"valueName\":\"search_term_string\"}}],\"inLanguage\":\"de\"},{\"@type\":\"Person\",\"@id\":\"https:\\\/\\\/ag-foto.de\\\/#\\\/schema\\\/person\\\/64dc872de4721d179a36dd9dc90aead5\",\"name\":\"Andreas\",\"image\":{\"@type\":\"ImageObject\",\"inLanguage\":\"de\",\"@id\":\"https:\\\/\\\/secure.gravatar.com\\\/avatar\\\/3dffac0cedb9e82d29bc5e0e49d1c266a88b86aa791f3fd7abf12d17f6d79503?s=96&d=mm&r=g\",\"url\":\"https:\\\/\\\/secure.gravatar.com\\\/avatar\\\/3dffac0cedb9e82d29bc5e0e49d1c266a88b86aa791f3fd7abf12d17f6d79503?s=96&d=mm&r=g\",\"contentUrl\":\"https:\\\/\\\/secure.gravatar.com\\\/avatar\\\/3dffac0cedb9e82d29bc5e0e49d1c266a88b86aa791f3fd7abf12d17f6d79503?s=96&d=mm&r=g\",\"caption\":\"Andreas\"},\"description\":\"\u00dcber den Autor: Andreas erz\u00e4hlt Deine Momente mit seiner Kamera \u2013 ob bei Outdoor, Hochzeiten, Portr\u00e4ts, Ballett, Tanz oder Sensual-Fotografie. Als zertifizierter Unterwasserfoto-Instruktor hat er gelernt, in extremen Lichtverh\u00e4ltnissen und unter Wasser zu fotografieren. In seinen Kursen vermittelt er nicht nur Technik, sondern auch den k\u00fcnstlerischen Umgang mit Licht und Perspektiven im Element Wasser. Diese Elemente kommen auch \\\"\u00dcber Wasser\\\" zur Geltung. Es entstehen starke Fine-Art-Fotografien, die den Punkt f\u00fcr das Wesentliche treffen. Seine Erfahrung als Autor und Projektleiter pr\u00e4gen seine strukturierten und zugleich kreativen Arbeitsstil.\",\"sameAs\":[\"https:\\\/\\\/www.ag-foto.de\",\"https:\\\/\\\/www.facebook.com\\\/uwfoto\",\"https:\\\/\\\/www.instagram.com\\\/fotographie_of_moments\\\/\",\"https:\\\/\\\/www.linkedin.com\\\/in\\\/andreas-gerber-4abb304b\\\/\",\"https:\\\/\\\/x.com\\\/https:\\\/\\\/twitter.com\\\/INFO_GERBER?lang=de\"]}]}<\/script>\n<!-- \/ Yoast SEO plugin. -->","yoast_head_json":{"title":"Rhythmus, der unter die Haut geht, 30.04.2026 - FOTOGRAPHIE OF MOMENTS","description":"Performance\u2011Fotografie mit Ausdruck und Bewegung. Kreative Dance\u2011Fotografie, emotionale Bildwelten und k\u00fcnstlerische Inszenierungen bei AG\u2011FOTO.","robots":{"index":"index","follow":"follow","max-snippet":"max-snippet:-1","max-image-preview":"max-image-preview:large","max-video-preview":"max-video-preview:-1"},"canonical":"https:\/\/ag-foto.de\/?p=4727","og_locale":"de_DE","og_type":"article","og_title":"Rhythmus, der unter die Haut geht, 30.04.2026 - FOTOGRAPHIE OF MOMENTS","og_description":"Performance\u2011Fotografie mit Ausdruck und Bewegung. Kreative Dance\u2011Fotografie, emotionale Bildwelten und k\u00fcnstlerische Inszenierungen bei AG\u2011FOTO.","og_url":"https:\/\/ag-foto.de\/?p=4727","og_site_name":"FOTOGRAPHIE OF MOMENTS","article_publisher":"https:\/\/www.facebook.com\/uwfoto","article_author":"https:\/\/www.facebook.com\/uwfoto","article_published_time":"2026-04-29T06:59:32+00:00","article_modified_time":"2026-04-30T09:53:59+00:00","og_image":[{"width":1024,"height":731,"url":"https:\/\/ag-foto.de\/wp-content\/uploads\/2026\/04\/IMG_3534.jpeg","type":"image\/jpeg"}],"author":"Andreas","twitter_card":"summary_large_image","twitter_creator":"@https:\/\/twitter.com\/INFO_GERBER?lang=de","twitter_site":"@INFO_GERBER","twitter_misc":{"Verfasst von":"Andreas","Gesch\u00e4tzte Lesezeit":"6\u00a0Minuten"},"schema":{"@context":"https:\/\/schema.org","@graph":[{"@type":"Article","@id":"https:\/\/ag-foto.de\/?p=4727#article","isPartOf":{"@id":"https:\/\/ag-foto.de\/?p=4727"},"author":{"name":"Andreas","@id":"https:\/\/ag-foto.de\/#\/schema\/person\/64dc872de4721d179a36dd9dc90aead5"},"headline":"Rhythmus, der unter die Haut geht, 30.04.2026","datePublished":"2026-04-29T06:59:32+00:00","dateModified":"2026-04-30T09:53:59+00:00","mainEntityOfPage":{"@id":"https:\/\/ag-foto.de\/?p=4727"},"wordCount":451,"image":{"@id":"https:\/\/ag-foto.de\/?p=4727#primaryimage"},"thumbnailUrl":"https:\/\/ag-foto.de\/wp-content\/uploads\/2026\/04\/IMG_3534.jpeg","keywords":["Dance","Fotografie","Studio"],"articleSection":["Ballett Dance","Studio Fotografie"],"inLanguage":"de"},{"@type":"WebPage","@id":"https:\/\/ag-foto.de\/?p=4727","url":"https:\/\/ag-foto.de\/?p=4727","name":"Rhythmus, der unter die Haut geht, 30.04.2026 - FOTOGRAPHIE OF MOMENTS","isPartOf":{"@id":"https:\/\/ag-foto.de\/#website"},"primaryImageOfPage":{"@id":"https:\/\/ag-foto.de\/?p=4727#primaryimage"},"image":{"@id":"https:\/\/ag-foto.de\/?p=4727#primaryimage"},"thumbnailUrl":"https:\/\/ag-foto.de\/wp-content\/uploads\/2026\/04\/IMG_3534.jpeg","datePublished":"2026-04-29T06:59:32+00:00","dateModified":"2026-04-30T09:53:59+00:00","author":{"@id":"https:\/\/ag-foto.de\/#\/schema\/person\/64dc872de4721d179a36dd9dc90aead5"},"description":"Performance\u2011Fotografie mit Ausdruck und Bewegung. Kreative Dance\u2011Fotografie, emotionale Bildwelten und k\u00fcnstlerische Inszenierungen bei AG\u2011FOTO.","breadcrumb":{"@id":"https:\/\/ag-foto.de\/?p=4727#breadcrumb"},"inLanguage":"de","potentialAction":[{"@type":"ReadAction","target":["https:\/\/ag-foto.de\/?p=4727"]}]},{"@type":"ImageObject","inLanguage":"de","@id":"https:\/\/ag-foto.de\/?p=4727#primaryimage","url":"https:\/\/ag-foto.de\/wp-content\/uploads\/2026\/04\/IMG_3534.jpeg","contentUrl":"https:\/\/ag-foto.de\/wp-content\/uploads\/2026\/04\/IMG_3534.jpeg","width":1024,"height":731},{"@type":"BreadcrumbList","@id":"https:\/\/ag-foto.de\/?p=4727#breadcrumb","itemListElement":[{"@type":"ListItem","position":1,"name":"Startseite","item":"https:\/\/ag-foto.de\/"},{"@type":"ListItem","position":2,"name":"Rhythmus, der unter die Haut geht, 30.04.2026"}]},{"@type":"WebSite","@id":"https:\/\/ag-foto.de\/#website","url":"https:\/\/ag-foto.de\/","name":"FOTOGRAPHIE OF MOMENTS","description":"Studio | Portrait | In- Outdoor | Homestory | Unterwasserfotografie","potentialAction":[{"@type":"SearchAction","target":{"@type":"EntryPoint","urlTemplate":"https:\/\/ag-foto.de\/?s={search_term_string}"},"query-input":{"@type":"PropertyValueSpecification","valueRequired":true,"valueName":"search_term_string"}}],"inLanguage":"de"},{"@type":"Person","@id":"https:\/\/ag-foto.de\/#\/schema\/person\/64dc872de4721d179a36dd9dc90aead5","name":"Andreas","image":{"@type":"ImageObject","inLanguage":"de","@id":"https:\/\/secure.gravatar.com\/avatar\/3dffac0cedb9e82d29bc5e0e49d1c266a88b86aa791f3fd7abf12d17f6d79503?s=96&d=mm&r=g","url":"https:\/\/secure.gravatar.com\/avatar\/3dffac0cedb9e82d29bc5e0e49d1c266a88b86aa791f3fd7abf12d17f6d79503?s=96&d=mm&r=g","contentUrl":"https:\/\/secure.gravatar.com\/avatar\/3dffac0cedb9e82d29bc5e0e49d1c266a88b86aa791f3fd7abf12d17f6d79503?s=96&d=mm&r=g","caption":"Andreas"},"description":"\u00dcber den Autor: Andreas erz\u00e4hlt Deine Momente mit seiner Kamera \u2013 ob bei Outdoor, Hochzeiten, Portr\u00e4ts, Ballett, Tanz oder Sensual-Fotografie. Als zertifizierter Unterwasserfoto-Instruktor hat er gelernt, in extremen Lichtverh\u00e4ltnissen und unter Wasser zu fotografieren. In seinen Kursen vermittelt er nicht nur Technik, sondern auch den k\u00fcnstlerischen Umgang mit Licht und Perspektiven im Element Wasser. Diese Elemente kommen auch \"\u00dcber Wasser\" zur Geltung. Es entstehen starke Fine-Art-Fotografien, die den Punkt f\u00fcr das Wesentliche treffen. Seine Erfahrung als Autor und Projektleiter pr\u00e4gen seine strukturierten und zugleich kreativen Arbeitsstil.","sameAs":["https:\/\/www.ag-foto.de","https:\/\/www.facebook.com\/uwfoto","https:\/\/www.instagram.com\/fotographie_of_moments\/","https:\/\/www.linkedin.com\/in\/andreas-gerber-4abb304b\/","https:\/\/x.com\/https:\/\/twitter.com\/INFO_GERBER?lang=de"]}]}},"_links":{"self":[{"href":"https:\/\/ag-foto.de\/index.php?rest_route=\/wp\/v2\/posts\/4727","targetHints":{"allow":["GET"]}}],"collection":[{"href":"https:\/\/ag-foto.de\/index.php?rest_route=\/wp\/v2\/posts"}],"about":[{"href":"https:\/\/ag-foto.de\/index.php?rest_route=\/wp\/v2\/types\/post"}],"author":[{"embeddable":true,"href":"https:\/\/ag-foto.de\/index.php?rest_route=\/wp\/v2\/users\/1"}],"replies":[{"embeddable":true,"href":"https:\/\/ag-foto.de\/index.php?rest_route=%2Fwp%2Fv2%2Fcomments&post=4727"}],"version-history":[{"count":14,"href":"https:\/\/ag-foto.de\/index.php?rest_route=\/wp\/v2\/posts\/4727\/revisions"}],"predecessor-version":[{"id":4785,"href":"https:\/\/ag-foto.de\/index.php?rest_route=\/wp\/v2\/posts\/4727\/revisions\/4785"}],"wp:featuredmedia":[{"embeddable":true,"href":"https:\/\/ag-foto.de\/index.php?rest_route=\/wp\/v2\/media\/4740"}],"wp:attachment":[{"href":"https:\/\/ag-foto.de\/index.php?rest_route=%2Fwp%2Fv2%2Fmedia&parent=4727"}],"wp:term":[{"taxonomy":"category","embeddable":true,"href":"https:\/\/ag-foto.de\/index.php?rest_route=%2Fwp%2Fv2%2Fcategories&post=4727"},{"taxonomy":"post_tag","embeddable":true,"href":"https:\/\/ag-foto.de\/index.php?rest_route=%2Fwp%2Fv2%2Ftags&post=4727"}],"curies":[{"name":"wp","href":"https:\/\/api.w.org\/{rel}","templated":true}]}}